{"id":437,"date":"2024-05-28T13:25:48","date_gmt":"2024-05-28T11:25:48","guid":{"rendered":"https:\/\/mardeliradesarrollos.com\/?p=437"},"modified":"2025-04-04T11:22:51","modified_gmt":"2025-04-04T09:22:51","slug":"ancados","status":"publish","type":"post","link":"https:\/\/mardeliradesarrollos.com\/en\/ancados\/","title":{"rendered":"Alquiler vacacional en Boiro: Ancados"},"content":{"rendered":"<p>[et_pb_section fb_built=\u00bb1&#8243; admin_label=\u00bbsection\u00bb _builder_version=\u00bb4.16&#8243; global_colors_info=\u00bb{}\u00bb theme_builder_area=\u00bbpost_content\u00bb][et_pb_row column_structure=\u00bb1_3,2_3&#8243; admin_label=\u00bbrow\u00bb _builder_version=\u00bb4.24.2&#8243; background_size=\u00bbinitial\u00bb background_position=\u00bbtop_left\u00bb background_repeat=\u00bbrepeat\u00bb custom_margin=\u00bb0px||64px||false|false\u00bb custom_padding=\u00bb0px||0px||false|false\u00bb global_colors_info=\u00bb{}\u00bb theme_builder_area=\u00bbpost_content\u00bb][et_pb_column type=\u00bb1_3&#8243; _builder_version=\u00bb4.24.2&#8243; _module_preset=\u00bbdefault\u00bb global_colors_info=\u00bb{}\u00bb theme_builder_area=\u00bbpost_content\u00bb][et_pb_text _builder_version=\u00bb4.27.0&#8243; _module_preset=\u00bbdefault\u00bb custom_margin=\u00bb0px||8px||false|false\u00bb custom_padding=\u00bb0px||20px||false|false\u00bb global_colors_info=\u00bb{}\u00bb theme_builder_area=\u00bbpost_content\u00bb]<\/p>\n<p>Para un perfecto <strong>alquiler vacacional en Boiro<\/strong>, te presentamos Ancados.Este alojamiento ofrece todos los servicios esenciales para garantizar una estancia c\u00f3moda. Despl\u00e1zate hacia abajo y descubre, mediante las fotos, todos los detalles y caracter\u00edsticas de este espacio en Boiro.<\/p>\n<p>[\/et_pb_text][et_pb_blurb use_icon=\u00bbon\u00bb font_icon=\u00bb&#xf007;||fa||900&#8243; icon_placement=\u00bbleft\u00bb image_icon_width=\u00bb28px\u00bb content_max_width=\u00bb100%\u00bb image_icon_width_last_edited=\u00bboff|phone\u00bb _builder_version=\u00bb4.24.2&#8243; _module_preset=\u00bbdefault\u00bb custom_margin=\u00bb0px||16px||false|false\u00bb custom_padding=\u00bb0px||0px||false|false\u00bb global_colors_info=\u00bb{}\u00bb theme_builder_area=\u00bbpost_content\u00bb]<\/p>\n<p>4 ocupantes<\/p>\n<p>[\/et_pb_blurb][et_pb_blurb use_icon=\u00bbon\u00bb font_icon=\u00bb&#xf2cd;||fa||900&#8243; icon_placement=\u00bbleft\u00bb content_max_width=\u00bb100%\u00bb _builder_version=\u00bb4.24.2&#8243; _module_preset=\u00bbdefault\u00bb custom_margin=\u00bb0px||16px||false|false\u00bb custom_padding=\u00bb0px||0px||false|false\u00bb global_colors_info=\u00bb{}\u00bb theme_builder_area=\u00bbpost_content\u00bb]<\/p>\n<p>2 ba\u00f1os<\/p>\n<p>[\/et_pb_blurb][et_pb_blurb use_icon=\u00bbon\u00bb font_icon=\u00bb&#xf236;||fa||900&#8243; icon_placement=\u00bbleft\u00bb content_max_width=\u00bb100%\u00bb _builder_version=\u00bb4.24.2&#8243; _module_preset=\u00bbdefault\u00bb custom_margin=\u00bb0px||16px||false|false\u00bb custom_padding=\u00bb0px||0px||false|false\u00bb global_colors_info=\u00bb{}\u00bb theme_builder_area=\u00bbpost_content\u00bb]<\/p>\n<p>1 sof\u00e1 cama<\/p>\n<p>[\/et_pb_blurb][\/et_pb_column][et_pb_column type=\u00bb2_3&#8243; _builder_version=\u00bb4.16&#8243; custom_padding=\u00bb|||\u00bb global_colors_info=\u00bb{}\u00bb custom_padding__hover=\u00bb|||\u00bb theme_builder_area=\u00bbpost_content\u00bb][et_pb_text _builder_version=\u00bb4.27.0&#8243; _module_preset=\u00bbdefault\u00bb custom_margin=\u00bb0px||8px||false|false\u00bb custom_padding=\u00bb0px||0px||false|false\u00bb global_colors_info=\u00bb{}\u00bb theme_builder_area=\u00bbpost_content\u00bb]<\/p>\n<h2>Servicios<\/h2>\n<p>[\/et_pb_text][et_pb_text module_class=\u00bbbox-servicios\u00bb _builder_version=\u00bb4.24.2&#8243; _module_preset=\u00bbdefault\u00bb global_colors_info=\u00bb{}\u00bb theme_builder_area=\u00bbpost_content\u00bb]<\/p>\n<ul>\n<li>Terraza<\/li>\n<li>Terraza con vistas<\/li>\n<li>Aire acondicionado<\/li>\n<li>Canales de TV para ni\u00f1os<\/li>\n<li>Cocina<\/li>\n<li>Cuna (bajo petici\u00f3n)<\/li>\n<li>Ducha<\/li>\n<li>Eco<\/li>\n<li>Equipamiento de cocina<\/li>\n<li>Equipo de planchado<\/li>\n<li>Lavadora<\/li>\n<li>Parking<\/li>\n<li>Parking en un garaje<\/li>\n<li>Registro de entrada \/ salida privado<\/li>\n<li>Se admiten mascotas<\/li>\n<li>Secador de pelo<\/li>\n<li>Toallas<\/li>\n<li>Tv<\/li>\n<li>Vistas<\/li>\n<li>Wifi<\/li>\n<\/ul>\n<p>[\/et_pb_text][et_pb_text _builder_version=\u00bb4.27.0&#8243; _module_preset=\u00bbdefault\u00bb custom_margin=\u00bb0px||8px||false|false\u00bb custom_padding=\u00bb0px||0px||false|false\u00bb global_colors_info=\u00bb{}\u00bb theme_builder_area=\u00bbpost_content\u00bb]<\/p>\n<h2>Notas adicionales<\/h2>\n<p>Disfruta de tu <strong>alquiler vacacional<\/strong> en Boiro con todo lo necesario para su estancia, (ropa de cama, toallas, menaje, \u00fatiles de cocina, etc.). Si necesitas alg\u00fan elemento especial para tu estancia, no dudes en consultarnos.<\/p>\n<p>[\/et_pb_text][\/et_pb_column][\/et_pb_row][et_pb_row _builder_version=\u00bb4.27.0&#8243; _module_preset=\u00bbdefault\u00bb theme_builder_area=\u00bbpost_content\u00bb column_structure=\u00bb1_2,1_2&#8243; custom_padding=\u00bb||61px|||\u00bb locked=\u00bboff\u00bb][et_pb_column _builder_version=\u00bb4.27.0&#8243; _module_preset=\u00bbdefault\u00bb type=\u00bb1_2&#8243; theme_builder_area=\u00bbpost_content\u00bb][et_pb_button button_text=\u00bbAqu\u00ed tenemos otro de nuestros pisos en Boiro\u00bb _builder_version=\u00bb4.27.0&#8243; _module_preset=\u00bbdefault\u00bb theme_builder_area=\u00bbpost_content\u00bb button_url=\u00bbhttps:\/\/mardeliradesarrollos.com\/barrana\/\u00bb hover_enabled=\u00bb0&#8243; sticky_enabled=\u00bb0&#8243; button_alignment=\u00bbcenter\u00bb][\/et_pb_button][\/et_pb_column][et_pb_column _builder_version=\u00bb4.27.0&#8243; _module_preset=\u00bbdefault\u00bb type=\u00bb1_2&#8243; theme_builder_area=\u00bbpost_content\u00bb][et_pb_button button_text=\u00bbReserva otro de nuestros pisos en Boiro\u00bb _builder_version=\u00bb4.27.0&#8243; _module_preset=\u00bbdefault\u00bb theme_builder_area=\u00bbpost_content\u00bb button_url=\u00bbhttps:\/\/mardeliradesarrollos.com\/barrana\/\u00bb hover_enabled=\u00bb0&#8243; sticky_enabled=\u00bb0&#8243; button_alignment=\u00bbcenter\u00bb][\/et_pb_button][\/et_pb_column][\/et_pb_row][et_pb_row admin_label=\u00bbrow\u00bb _builder_version=\u00bb4.24.2&#8243; background_size=\u00bbinitial\u00bb background_position=\u00bbtop_left\u00bb background_repeat=\u00bbrepeat\u00bb custom_margin=\u00bb0px||64px||false|false\u00bb custom_padding=\u00bb0px||0px||false|false\u00bb global_colors_info=\u00bb{}\u00bb theme_builder_area=\u00bbpost_content\u00bb][et_pb_column type=\u00bb4_4&#8243; _builder_version=\u00bb4.16&#8243; custom_padding=\u00bb|||\u00bb global_colors_info=\u00bb{}\u00bb custom_padding__hover=\u00bb|||\u00bb theme_builder_area=\u00bbpost_content\u00bb][et_pb_gallery gallery_ids=\u00bb451,450,449,448,447,446&#8243; posts_number=\u00bb1000&#8243; show_title_and_caption=\u00bboff\u00bb show_pagination=\u00bboff\u00bb _builder_version=\u00bb4.24.2&#8243; _module_preset=\u00bbdefault\u00bb global_colors_info=\u00bb{}\u00bb theme_builder_area=\u00bbpost_content\u00bb][\/et_pb_gallery][\/et_pb_column][\/et_pb_row][et_pb_row column_structure=\u00bb3_4,1_4&#8243; _builder_version=\u00bb4.24.2&#8243; _module_preset=\u00bbdefault\u00bb custom_margin=\u00bb0px||64px||false|false\u00bb custom_padding=\u00bb0px||0px||false|false\u00bb global_colors_info=\u00bb{}\u00bb theme_builder_area=\u00bbpost_content\u00bb][et_pb_column type=\u00bb3_4&#8243; _builder_version=\u00bb4.24.2&#8243; _module_preset=\u00bbdefault\u00bb global_colors_info=\u00bb{}\u00bb theme_builder_area=\u00bbpost_content\u00bb][et_pb_code _builder_version=\u00bb4.24.2&#8243; _module_preset=\u00bbdefault\u00bb global_colors_info=\u00bb{}\u00bb theme_builder_area=\u00bbpost_content\u00bb]<iframe src=\"https:\/\/www.google.com\/maps\/embed?pb=!1m18!1m12!1m3!1d5869.220234979128!2d-8.8810916!3d42.6484247!2m3!1f0!2f0!3f0!3m2!1i1024!2i768!4f13.1!3m3!1m2!1s0xd2f3ce28734644b%3A0x650f4659978bec1c!2sCalle%20Principal%2C%2041%2C%2015930%20Boiro%2C%20La%20Coru%C3%B1a!5e0!3m2!1ses!2ses!4v1716896684817!5m2!1ses!2ses\" width=\"100%\" height=\"350\" style=\"border:0;\" allowfullscreen=\"\" loading=\"lazy\" referrerpolicy=\"no-referrer-when-downgrade\"><\/iframe>[\/et_pb_code][\/et_pb_column][et_pb_column type=\u00bb1_4&#8243; _builder_version=\u00bb4.24.2&#8243; _module_preset=\u00bbdefault\u00bb global_colors_info=\u00bb{}\u00bb theme_builder_area=\u00bbpost_content\u00bb][et_pb_blurb use_icon=\u00bbon\u00bb font_icon=\u00bb&#xe081;||divi||400&#8243; image_icon_width=\u00bb24px\u00bb icon_alignment=\u00bbleft\u00bb content_max_width=\u00bb100%\u00bb _builder_version=\u00bb4.24.2&#8243; _module_preset=\u00bbdefault\u00bb custom_margin=\u00bb0px||16px||false|false\u00bb custom_padding=\u00bb0px||||false|false\u00bb custom_css_blurb_image=\u00bbmargin-bottom:16px;\u00bb global_colors_info=\u00bb{}\u00bb theme_builder_area=\u00bbpost_content\u00bb]<\/p>\n<p>Calle Principal, 41<br \/>15930 Boiro<\/p>\n<p>[\/et_pb_blurb][\/et_pb_column][\/et_pb_row][et_pb_row column_structure=\u00bb1_4,3_4&#8243; admin_label=\u00bbFila\u00bb _builder_version=\u00bb4.24.2&#8243; _module_preset=\u00bbdefault\u00bb custom_margin=\u00bb0px||64px||false|false\u00bb custom_padding=\u00bb0px||0px||false|false\u00bb global_colors_info=\u00bb{}\u00bb theme_builder_area=\u00bbpost_content\u00bb][et_pb_column type=\u00bb1_4&#8243; _builder_version=\u00bb4.24.2&#8243; _module_preset=\u00bbdefault\u00bb global_colors_info=\u00bb{}\u00bb theme_builder_area=\u00bbpost_content\u00bb][et_pb_blurb use_icon=\u00bbon\u00bb font_icon=\u00bb&#xf101;||fa||900&#8243; icon_placement=\u00bbleft\u00bb image_icon_width=\u00bb24px\u00bb content_max_width=\u00bb100%\u00bb _builder_version=\u00bb4.24.2&#8243; _module_preset=\u00bbdefault\u00bb custom_margin=\u00bb0px||16px||false|false\u00bb custom_padding=\u00bb0px||||false|false\u00bb custom_css_blurb_image=\u00bbmargin-bottom:16px;\u00bb global_colors_info=\u00bb{}\u00bb theme_builder_area=\u00bbpost_content\u00bb]<\/p>\n<p><strong>Entrada<\/strong>: 13:00<\/p>\n<p>[\/et_pb_blurb][et_pb_blurb use_icon=\u00bbon\u00bb font_icon=\u00bb&#xf100;||fa||900&#8243; icon_placement=\u00bbleft\u00bb image_icon_width=\u00bb24px\u00bb content_max_width=\u00bb100%\u00bb _builder_version=\u00bb4.24.2&#8243; _module_preset=\u00bbdefault\u00bb custom_margin=\u00bb0px||16px||false|false\u00bb custom_padding=\u00bb0px||||false|false\u00bb custom_css_blurb_image=\u00bbmargin-bottom:16px;\u00bb global_colors_info=\u00bb{}\u00bb theme_builder_area=\u00bbpost_content\u00bb]<\/p>\n<p><strong>Salida<\/strong>: 11:00<\/p>\n<p>[\/et_pb_blurb][\/et_pb_column][et_pb_column type=\u00bb3_4&#8243; _builder_version=\u00bb4.24.2&#8243; _module_preset=\u00bbdefault\u00bb global_colors_info=\u00bb{}\u00bb theme_builder_area=\u00bbpost_content\u00bb][et_pb_text _builder_version=\u00bb4.24.2&#8243; _module_preset=\u00bbdefault\u00bb custom_margin=\u00bb0px||8px||false|false\u00bb custom_padding=\u00bb0px||0px||false|false\u00bb global_colors_info=\u00bb{}\u00bb theme_builder_area=\u00bbpost_content\u00bb]<\/p>\n<p><strong>Notas adicionales<br \/><\/strong><\/p>\n<p>[\/et_pb_text][et_pb_text _builder_version=\u00bb4.24.2&#8243; _module_preset=\u00bbdefault\u00bb text_orientation=\u00bbjustified\u00bb global_colors_info=\u00bb{}\u00bb theme_builder_area=\u00bbpost_content\u00bb]<\/p>\n<p>El apartamento est\u00e1n equipado con todo lo necesario para su estancia, ( ropa de cama, toallas, menaje, \u00fatiles de cocina, etc.). Si necesita alg\u00fan elemento especial para su estancia no dude en consultarnos.<\/p>\n<p>[\/et_pb_text][\/et_pb_column][\/et_pb_row][et_pb_row _builder_version=\u00bb4.24.2&#8243; _module_preset=\u00bbdefault\u00bb custom_margin=\u00bb0px||64px||false|false\u00bb custom_padding=\u00bb0px||0px||false|false\u00bb global_colors_info=\u00bb{}\u00bb theme_builder_area=\u00bbpost_content\u00bb][et_pb_column type=\u00bb4_4&#8243; _builder_version=\u00bb4.24.2&#8243; _module_preset=\u00bbdefault\u00bb global_colors_info=\u00bb{}\u00bb theme_builder_area=\u00bbpost_content\u00bb][et_pb_button button_url=\u00bb@ET-DC@eyJkeW5hbWljIjp0cnVlLCJjb250ZW50IjoicG9zdF9saW5rX3VybF9wYWdlIiwic2V0dGluZ3MiOnsicG9zdF9pZCI6IjQxIn19@\u00bb button_text=\u00bbReservar\u00bb button_alignment=\u00bbcenter\u00bb _builder_version=\u00bb4.24.2&#8243; _dynamic_attributes=\u00bbbutton_url\u00bb _module_preset=\u00bbdefault\u00bb global_colors_info=\u00bb{}\u00bb theme_builder_area=\u00bbpost_content\u00bb][\/et_pb_button][\/et_pb_column][\/et_pb_row][\/et_pb_section]<\/p>","protected":false},"excerpt":{"rendered":"<p>Para un perfecto alquiler vacacional en Boiro, te presentamos Ancados.Este alojamiento ofrece todos los servicios esenciales para garantizar una estancia c\u00f3moda. Despl\u00e1zate hacia abajo y descubre, mediante las fotos, todos los detalles y caracter\u00edsticas de este espacio en Boiro.4 ocupantes2 ba\u00f1os1 sof\u00e1 camaServicios Terraza Terraza con vistas Aire acondicionado Canales de TV para ni\u00f1os Cocina [&hellip;]<\/p>","protected":false},"author":1,"featured_media":449,"comment_status":"closed","ping_status":"closed","sticky":false,"template":"","format":"standard","meta":{"_et_pb_use_builder":"on","_et_pb_old_content":"","_et_gb_content_width":"","footnotes":""},"categories":[12],"tags":[],"class_list":["post-437","post","type-post","status-publish","format-standard","has-post-thumbnail","hentry","category-boiro"],"yoast_head":"<!-- This site is optimized with the Yoast SEO plugin v23.3 - https:\/\/yoast.com\/wordpress\/plugins\/seo\/ -->\n<title>Alquiler Vacacional Boiro | Ancados | Boirobello<\/title>\n<meta name=\"description\" content=\"Descubre el mejor alquiler vacacional en Boiro. El apartamento Ancados tiene todo lo que necesitas para disfrutar de tus vacaciones en Galicia.\" \/>\n<meta name=\"robots\" content=\"index, follow, max-snippet:-1, max-image-preview:large, max-video-preview:-1\" \/>\n<link rel=\"canonical\" href=\"https:\/\/mardeliradesarrollos.com\/en\/ancados\/\" \/>\n<meta property=\"og:locale\" content=\"en_US\" \/>\n<meta property=\"og:type\" content=\"article\" \/>\n<meta property=\"og:title\" content=\"Alquiler Vacacional Boiro | Ancados | Boirobello\" \/>\n<meta property=\"og:description\" content=\"Descubre el mejor alquiler vacacional en Boiro. El apartamento Ancados tiene todo lo que necesitas para disfrutar de tus vacaciones en Galicia.\" \/>\n<meta property=\"og:url\" content=\"https:\/\/mardeliradesarrollos.com\/en\/ancados\/\" \/>\n<meta property=\"og:site_name\" content=\"Mar de Lira Desarrollos\" \/>\n<meta property=\"article:published_time\" content=\"2024-05-28T11:25:48+00:00\" \/>\n<meta property=\"article:modified_time\" content=\"2025-04-04T09:22:51+00:00\" \/>\n<meta property=\"og:image\" content=\"https:\/\/mardeliradesarrollos.com\/wp-content\/uploads\/2024\/05\/Apartamentos-Mar-de-Lira-Ancados_4.jpg\" \/>\n\t<meta property=\"og:image:width\" content=\"1400\" \/>\n\t<meta property=\"og:image:height\" content=\"934\" \/>\n\t<meta property=\"og:image:type\" content=\"image\/jpeg\" \/>\n<meta name=\"author\" content=\"produccion@visualpublinet.com\" \/>\n<meta name=\"twitter:card\" content=\"summary_large_image\" \/>\n<meta name=\"twitter:label1\" content=\"Written by\" \/>\n\t<meta name=\"twitter:data1\" content=\"produccion@visualpublinet.com\" \/>\n\t<meta name=\"twitter:label2\" content=\"Est. reading time\" \/>\n\t<meta name=\"twitter:data2\" content=\"3 minutes\" \/>\n<script type=\"application\/ld+json\" class=\"yoast-schema-graph\">{\"@context\":\"https:\/\/schema.org\",\"@graph\":[{\"@type\":\"WebPage\",\"@id\":\"https:\/\/mardeliradesarrollos.com\/ancados\/\",\"url\":\"https:\/\/mardeliradesarrollos.com\/ancados\/\",\"name\":\"Alquiler Vacacional Boiro | Ancados | Boirobello\",\"isPartOf\":{\"@id\":\"https:\/\/mardeliradesarrollos.com\/#website\"},\"primaryImageOfPage\":{\"@id\":\"https:\/\/mardeliradesarrollos.com\/ancados\/#primaryimage\"},\"image\":{\"@id\":\"https:\/\/mardeliradesarrollos.com\/ancados\/#primaryimage\"},\"thumbnailUrl\":\"https:\/\/mardeliradesarrollos.com\/wp-content\/uploads\/2024\/05\/Apartamentos-Mar-de-Lira-Ancados_4.jpg\",\"datePublished\":\"2024-05-28T11:25:48+00:00\",\"dateModified\":\"2025-04-04T09:22:51+00:00\",\"author\":{\"@id\":\"https:\/\/mardeliradesarrollos.com\/#\/schema\/person\/317730a00185114c76a219b94bddef15\"},\"description\":\"Descubre el mejor alquiler vacacional en Boiro. El apartamento Ancados tiene todo lo que necesitas para disfrutar de tus vacaciones en Galicia.\",\"breadcrumb\":{\"@id\":\"https:\/\/mardeliradesarrollos.com\/ancados\/#breadcrumb\"},\"inLanguage\":\"en-US\",\"potentialAction\":[{\"@type\":\"ReadAction\",\"target\":[\"https:\/\/mardeliradesarrollos.com\/ancados\/\"]}]},{\"@type\":\"ImageObject\",\"inLanguage\":\"en-US\",\"@id\":\"https:\/\/mardeliradesarrollos.com\/ancados\/#primaryimage\",\"url\":\"https:\/\/mardeliradesarrollos.com\/wp-content\/uploads\/2024\/05\/Apartamentos-Mar-de-Lira-Ancados_4.jpg\",\"contentUrl\":\"https:\/\/mardeliradesarrollos.com\/wp-content\/uploads\/2024\/05\/Apartamentos-Mar-de-Lira-Ancados_4.jpg\",\"width\":1400,\"height\":934,\"caption\":\"ANCADOS\"},{\"@type\":\"BreadcrumbList\",\"@id\":\"https:\/\/mardeliradesarrollos.com\/ancados\/#breadcrumb\",\"itemListElement\":[{\"@type\":\"ListItem\",\"position\":1,\"name\":\"Portada\",\"item\":\"https:\/\/mardeliradesarrollos.com\/\"},{\"@type\":\"ListItem\",\"position\":2,\"name\":\"Alquiler vacacional en Boiro: Ancados\"}]},{\"@type\":\"WebSite\",\"@id\":\"https:\/\/mardeliradesarrollos.com\/#website\",\"url\":\"https:\/\/mardeliradesarrollos.com\/\",\"name\":\"Mar de Lira Desarrollos\",\"description\":\"\",\"potentialAction\":[{\"@type\":\"SearchAction\",\"target\":{\"@type\":\"EntryPoint\",\"urlTemplate\":\"https:\/\/mardeliradesarrollos.com\/?s={search_term_string}\"},\"query-input\":\"required name=search_term_string\"}],\"inLanguage\":\"en-US\"},{\"@type\":\"Person\",\"@id\":\"https:\/\/mardeliradesarrollos.com\/#\/schema\/person\/317730a00185114c76a219b94bddef15\",\"name\":\"produccion@visualpublinet.com\",\"image\":{\"@type\":\"ImageObject\",\"inLanguage\":\"en-US\",\"@id\":\"https:\/\/mardeliradesarrollos.com\/#\/schema\/person\/image\/\",\"url\":\"https:\/\/secure.gravatar.com\/avatar\/282ee20c78c1b1137175d4ab9f75785d8c239d499b1376df3ba16efa213b7b10?s=96&d=mm&r=g\",\"contentUrl\":\"https:\/\/secure.gravatar.com\/avatar\/282ee20c78c1b1137175d4ab9f75785d8c239d499b1376df3ba16efa213b7b10?s=96&d=mm&r=g\",\"caption\":\"produccion@visualpublinet.com\"},\"sameAs\":[\"https:\/\/mardeliradesarrollos.com\"],\"url\":\"https:\/\/mardeliradesarrollos.com\/en\/author\/produccionvisualpublinet-com\/\"}]}<\/script>\n<!-- \/ Yoast SEO plugin. -->","yoast_head_json":{"title":"Alquiler Vacacional Boiro | Ancados | Boirobello","description":"Descubre el mejor alquiler vacacional en Boiro. El apartamento Ancados tiene todo lo que necesitas para disfrutar de tus vacaciones en Galicia.","robots":{"index":"index","follow":"follow","max-snippet":"max-snippet:-1","max-image-preview":"max-image-preview:large","max-video-preview":"max-video-preview:-1"},"canonical":"https:\/\/mardeliradesarrollos.com\/en\/ancados\/","og_locale":"en_US","og_type":"article","og_title":"Alquiler Vacacional Boiro | Ancados | Boirobello","og_description":"Descubre el mejor alquiler vacacional en Boiro. El apartamento Ancados tiene todo lo que necesitas para disfrutar de tus vacaciones en Galicia.","og_url":"https:\/\/mardeliradesarrollos.com\/en\/ancados\/","og_site_name":"Mar de Lira Desarrollos","article_published_time":"2024-05-28T11:25:48+00:00","article_modified_time":"2025-04-04T09:22:51+00:00","og_image":[{"width":1400,"height":934,"url":"https:\/\/mardeliradesarrollos.com\/wp-content\/uploads\/2024\/05\/Apartamentos-Mar-de-Lira-Ancados_4.jpg","type":"image\/jpeg"}],"author":"produccion@visualpublinet.com","twitter_card":"summary_large_image","twitter_misc":{"Written by":"produccion@visualpublinet.com","Est. reading time":"3 minutes"},"schema":{"@context":"https:\/\/schema.org","@graph":[{"@type":"WebPage","@id":"https:\/\/mardeliradesarrollos.com\/ancados\/","url":"https:\/\/mardeliradesarrollos.com\/ancados\/","name":"Alquiler Vacacional Boiro | Ancados | Boirobello","isPartOf":{"@id":"https:\/\/mardeliradesarrollos.com\/#website"},"primaryImageOfPage":{"@id":"https:\/\/mardeliradesarrollos.com\/ancados\/#primaryimage"},"image":{"@id":"https:\/\/mardeliradesarrollos.com\/ancados\/#primaryimage"},"thumbnailUrl":"https:\/\/mardeliradesarrollos.com\/wp-content\/uploads\/2024\/05\/Apartamentos-Mar-de-Lira-Ancados_4.jpg","datePublished":"2024-05-28T11:25:48+00:00","dateModified":"2025-04-04T09:22:51+00:00","author":{"@id":"https:\/\/mardeliradesarrollos.com\/#\/schema\/person\/317730a00185114c76a219b94bddef15"},"description":"Descubre el mejor alquiler vacacional en Boiro. El apartamento Ancados tiene todo lo que necesitas para disfrutar de tus vacaciones en Galicia.","breadcrumb":{"@id":"https:\/\/mardeliradesarrollos.com\/ancados\/#breadcrumb"},"inLanguage":"en-US","potentialAction":[{"@type":"ReadAction","target":["https:\/\/mardeliradesarrollos.com\/ancados\/"]}]},{"@type":"ImageObject","inLanguage":"en-US","@id":"https:\/\/mardeliradesarrollos.com\/ancados\/#primaryimage","url":"https:\/\/mardeliradesarrollos.com\/wp-content\/uploads\/2024\/05\/Apartamentos-Mar-de-Lira-Ancados_4.jpg","contentUrl":"https:\/\/mardeliradesarrollos.com\/wp-content\/uploads\/2024\/05\/Apartamentos-Mar-de-Lira-Ancados_4.jpg","width":1400,"height":934,"caption":"ANCADOS"},{"@type":"BreadcrumbList","@id":"https:\/\/mardeliradesarrollos.com\/ancados\/#breadcrumb","itemListElement":[{"@type":"ListItem","position":1,"name":"Portada","item":"https:\/\/mardeliradesarrollos.com\/"},{"@type":"ListItem","position":2,"name":"Alquiler vacacional en Boiro: Ancados"}]},{"@type":"WebSite","@id":"https:\/\/mardeliradesarrollos.com\/#website","url":"https:\/\/mardeliradesarrollos.com\/","name":"Mar de Lira Desarrollos","description":"","potentialAction":[{"@type":"SearchAction","target":{"@type":"EntryPoint","urlTemplate":"https:\/\/mardeliradesarrollos.com\/?s={search_term_string}"},"query-input":"required name=search_term_string"}],"inLanguage":"en-US"},{"@type":"Person","@id":"https:\/\/mardeliradesarrollos.com\/#\/schema\/person\/317730a00185114c76a219b94bddef15","name":"produccion@visualpublinet.com","image":{"@type":"ImageObject","inLanguage":"en-US","@id":"https:\/\/mardeliradesarrollos.com\/#\/schema\/person\/image\/","url":"https:\/\/secure.gravatar.com\/avatar\/282ee20c78c1b1137175d4ab9f75785d8c239d499b1376df3ba16efa213b7b10?s=96&d=mm&r=g","contentUrl":"https:\/\/secure.gravatar.com\/avatar\/282ee20c78c1b1137175d4ab9f75785d8c239d499b1376df3ba16efa213b7b10?s=96&d=mm&r=g","caption":"produccion@visualpublinet.com"},"sameAs":["https:\/\/mardeliradesarrollos.com"],"url":"https:\/\/mardeliradesarrollos.com\/en\/author\/produccionvisualpublinet-com\/"}]}},"_links":{"self":[{"href":"https:\/\/mardeliradesarrollos.com\/en\/wp-json\/wp\/v2\/posts\/437","targetHints":{"allow":["GET"]}}],"collection":[{"href":"https:\/\/mardeliradesarrollos.com\/en\/wp-json\/wp\/v2\/posts"}],"about":[{"href":"https:\/\/mardeliradesarrollos.com\/en\/wp-json\/wp\/v2\/types\/post"}],"author":[{"embeddable":true,"href":"https:\/\/mardeliradesarrollos.com\/en\/wp-json\/wp\/v2\/users\/1"}],"replies":[{"embeddable":true,"href":"https:\/\/mardeliradesarrollos.com\/en\/wp-json\/wp\/v2\/comments?post=437"}],"version-history":[{"count":18,"href":"https:\/\/mardeliradesarrollos.com\/en\/wp-json\/wp\/v2\/posts\/437\/revisions"}],"predecessor-version":[{"id":8144,"href":"https:\/\/mardeliradesarrollos.com\/en\/wp-json\/wp\/v2\/posts\/437\/revisions\/8144"}],"wp:featuredmedia":[{"embeddable":true,"href":"https:\/\/mardeliradesarrollos.com\/en\/wp-json\/wp\/v2\/media\/449"}],"wp:attachment":[{"href":"https:\/\/mardeliradesarrollos.com\/en\/wp-json\/wp\/v2\/media?parent=437"}],"wp:term":[{"taxonomy":"category","embeddable":true,"href":"https:\/\/mardeliradesarrollos.com\/en\/wp-json\/wp\/v2\/categories?post=437"},{"taxonomy":"post_tag","embeddable":true,"href":"https:\/\/mardeliradesarrollos.com\/en\/wp-json\/wp\/v2\/tags?post=437"}],"curies":[{"name":"wp","href":"https:\/\/api.w.org\/{rel}","templated":true}]}}